{"id":944,"date":"2026-03-12T12:47:29","date_gmt":"2026-03-12T11:47:29","guid":{"rendered":"https:\/\/www.ospk.cz\/?p=944"},"modified":"2026-03-12T12:47:29","modified_gmt":"2026-03-12T11:47:29","slug":"platove-pomery-statnich-zamestnancu-od-1-4-2026","status":"publish","type":"post","link":"https:\/\/www.ospk.cz\/?p=944","title":{"rendered":"Platov\u00e9 pom\u011bry st\u00e1tn\u00edch zam\u011bstnanc\u016f od 1. 4. 2026"},"content":{"rendered":"\n<h1 class=\"wp-block-heading\"><a href=\"https:\/\/www.zakonyprolidi.cz\/cs\/2026-16\" data-type=\"link\" data-id=\"https:\/\/www.zakonyprolidi.cz\/cs\/2026-16\">https:\/\/www.zakonyprolidi.cz\/cs\/2026-16<\/a><\/h1>\n\n\n\n<p>Na\u0159\u00edzen\u00ed vl\u00e1dy \u010d. 16\/2026 Sb.<em>Na\u0159\u00edzen\u00ed vl\u00e1dy, kter\u00fdm se m\u011bn\u00ed na\u0159\u00edzen\u00ed vl\u00e1dy \u010d. 304\/2014 Sb., o platov\u00fdch pom\u011brech st\u00e1tn\u00edch zam\u011bstnanc\u016f, ve zn\u011bn\u00ed pozd\u011bj\u0161\u00edch p\u0159edpis\u016f, a na\u0159\u00edzen\u00ed vl\u00e1dy \u010d. 341\/2017 Sb., o platov\u00fdch pom\u011brech zam\u011bstnanc\u016f ve ve\u0159ejn\u00fdch slu\u017eb\u00e1ch a spr\u00e1v\u011b, ve zn\u011bn\u00ed pozd\u011bj\u0161\u00edch p\u0159edpis\u016f<\/em><\/p>\n\n\n\n<h1 class=\"wp-block-heading\">Zaru\u010den\u00fd plat od 1. 1. 2026<\/h1>\n\n\n\n<p class=\"has-text-color has-link-color wp-elements-b48e16aa7a592c3c50891e153e9476c6\" style=\"color:#d13232\"><strong>Zaru\u010den\u00fd plat od 1.1.2026<\/strong><\/p>\n\n\n\n<p class=\"has-text-color has-link-color wp-elements-9ecbdf4dbb3d12952bc7d6d837dfdb51\" style=\"color:#d13232\"><strong>Sd\u011blen\u00ed ministerstva pr\u00e1ce a soci\u00e1ln\u00edch v\u011bc\u00ed \u010d. 356\/2025 Sb., o vyhl\u00e1\u0161en\u00ed minim\u00e1ln\u00ed mzdy, nejni\u017e\u0161\u00edch \u00farovn\u00ed zaru\u010den\u00e9ho platu\u2026\u2026<\/strong><\/p>\n\n\n\n<ol class=\"wp-block-list\">\n<li>skupina prac\u00ed\u00a0\u00a0\u00a0\u00a0\u00a0\u00a0\u00a0\u00a0\u00a0\u00a0\u00a0\u00a0\u00a0\u00a0\u00a0\u00a0\u00a0\u00a0\u00a0\u00a0\u00a0\u00a0\u00a0\u00a0\u00a0 (1. a 2. platov\u00e1 t\u0159\u00edda)\u00a0\u00a0\u00a0\u00a0\u00a0\u00a0\u00a0\u00a0\u00a0\u00a0\u00a0\u00a0\u00a0\u00a0\u00a0\u00a0\u00a0\u00a0\u00a0\u00a0\u00a0\u00a0\u00a0\u00a0 22.400,- K\u010d\/m\u011bs\u00edc<\/li>\n\n\n\n<li>skupina prac\u00ed\u00a0\u00a0\u00a0\u00a0\u00a0\u00a0\u00a0\u00a0\u00a0\u00a0\u00a0\u00a0\u00a0\u00a0\u00a0\u00a0\u00a0\u00a0\u00a0\u00a0\u00a0\u00a0\u00a0\u00a0\u00a0 (3. a\u017e 5. platov\u00e1 t\u0159\u00edda)\u00a0\u00a0\u00a0\u00a0\u00a0\u00a0\u00a0\u00a0\u00a0\u00a0\u00a0            26.880,- K\u010d\/m\u011bs\u00edc<\/li>\n\n\n\n<li>skupina prac\u00ed\u00a0\u00a0\u00a0\u00a0\u00a0\u00a0\u00a0\u00a0\u00a0\u00a0\u00a0\u00a0\u00a0\u00a0\u00a0\u00a0\u00a0\u00a0\u00a0\u00a0\u00a0\u00a0\u00a0\u00a0\u00a0 (6. a\u017e 9. platov\u00e1 t\u0159\u00edda)\u00a0\u00a0\u00a0\u00a0\u00a0\u00a0\u00a0\u00a0\u00a0\u00a0\u00a0            31.360,- K\u010d\/m\u011bs\u00edc<\/li>\n\n\n\n<li>skupina prac\u00ed\u00a0\u00a0\u00a0\u00a0\u00a0\u00a0\u00a0\u00a0\u00a0\u00a0\u00a0\u00a0\u00a0\u00a0\u00a0\u00a0\u00a0\u00a0\u00a0\u00a0\u00a0\u00a0\u00a0\u00a0\u00a0 (10. a\u017e 16. platov\u00e1 t\u0159\u00edda)\u00a0\u00a0\u00a0\u00a0\u00a0\u00a0\u00a0\u00a0\u00a0\u00a0\u00a0\u00a0\u00a0\u00a0\u00a0\u00a0\u00a0\u00a0\u00a035.840,- K\u010d\/m\u011bs\u00edc<\/li>\n<\/ol>\n\n\n\n<p>\u00a7 112 z\u00e1kona \u010d. 262\/2006 Sb., z\u00e1kon\u00edk pr\u00e1ce<\/p>\n\n\n\n<p class=\"has-text-color has-link-color wp-elements-7dfe46749067486d09443b45f9be6c17\" style=\"color:#d13232\"><\/p>\n\n\n\n<p><\/p>\n\n\n\n<p><\/p>\n\n\n\n<p><\/p>\n","protected":false},"excerpt":{"rendered":"<p>https:\/\/www.zakonyprolidi.cz\/cs\/2026-16 Na\u0159\u00edzen\u00ed vl\u00e1dy \u010d. 16\/2026 Sb.Na\u0159\u00edzen\u00ed vl\u00e1dy, kter\u00fdm se m\u011bn\u00ed na\u0159\u00edzen\u00ed vl\u00e1dy \u010d. 304\/2014 Sb., o platov\u00fdch pom\u011brech st\u00e1tn\u00edch zam\u011bstnanc\u016f, ve zn\u011bn\u00ed pozd\u011bj\u0161\u00edch p\u0159edpis\u016f, a na\u0159\u00edzen\u00ed vl\u00e1dy \u010d. 341\/2017 Sb., o platov\u00fdch pom\u011brech zam\u011bstnanc\u016f ve ve\u0159ejn\u00fdch slu\u017eb\u00e1ch a spr\u00e1v\u011b, ve zn\u011bn\u00ed pozd\u011bj\u0161\u00edch p\u0159edpis\u016f Zaru\u010den\u00fd plat od 1. 1. 2026 Zaru\u010den\u00fd&hellip;<\/p>\n<p> <a class=\"more-link\" href=\"https:\/\/www.ospk.cz\/?p=944\">\u010c\u00edst v\u00edce<\/a><\/p>\n","protected":false},"author":4,"featured_media":0,"comment_status":"closed","ping_status":"open","sticky":true,"template":"","format":"standard","meta":{"footnotes":""},"categories":[3],"tags":[],"class_list":{"0":"post-944","1":"post","2":"type-post","3":"status-publish","4":"format-standard","6":"category-aktuality"},"_links":{"self":[{"href":"https:\/\/www.ospk.cz\/index.php?rest_route=\/wp\/v2\/posts\/944","targetHints":{"allow":["GET"]}}],"collection":[{"href":"https:\/\/www.ospk.cz\/index.php?rest_route=\/wp\/v2\/posts"}],"about":[{"href":"https:\/\/www.ospk.cz\/index.php?rest_route=\/wp\/v2\/types\/post"}],"author":[{"embeddable":true,"href":"https:\/\/www.ospk.cz\/index.php?rest_route=\/wp\/v2\/users\/4"}],"replies":[{"embeddable":true,"href":"https:\/\/www.ospk.cz\/index.php?rest_route=%2Fwp%2Fv2%2Fcomments&post=944"}],"version-history":[{"count":2,"href":"https:\/\/www.ospk.cz\/index.php?rest_route=\/wp\/v2\/posts\/944\/revisions"}],"predecessor-version":[{"id":946,"href":"https:\/\/www.ospk.cz\/index.php?rest_route=\/wp\/v2\/posts\/944\/revisions\/946"}],"wp:attachment":[{"href":"https:\/\/www.ospk.cz\/index.php?rest_route=%2Fwp%2Fv2%2Fmedia&parent=944"}],"wp:term":[{"taxonomy":"category","embeddable":true,"href":"https:\/\/www.ospk.cz\/index.php?rest_route=%2Fwp%2Fv2%2Fcategories&post=944"},{"taxonomy":"post_tag","embeddable":true,"href":"https:\/\/www.ospk.cz\/index.php?rest_route=%2Fwp%2Fv2%2Ftags&post=944"}],"curies":[{"name":"wp","href":"https:\/\/api.w.org\/{rel}","templated":true}]}}